{"id":5517,"date":"2023-07-17T13:00:59","date_gmt":"2023-07-17T13:00:59","guid":{"rendered":"https:\/\/onusinsurance.com\/?p=5517"},"modified":"2023-07-15T00:48:00","modified_gmt":"2023-07-15T00:48:00","slug":"isuzu-lanza-su-primer-vehiculo-electrico-para-transporte","status":"publish","type":"post","link":"https:\/\/onusinsurance.com\/es\/isuzu-lanza-su-primer-vehiculo-electrico-para-transporte\/","title":{"rendered":"Isuzu lanza su primer veh\u00edculo el\u00e9ctrico para transporte"},"content":{"rendered":"<p><b>Isuzu<\/b><span style=\"font-weight: 400;\"> se ha unido a las empresas automotrices que fabrican veh\u00edculos que no utilizan combustibles f\u00f3siles. Recientemente, han lanzado su primer veh\u00edculo completamente el\u00e9ctrico. Esta iniciativa sin duda contribuir\u00e1 de manera positiva al medio ambiente y generar\u00e1 competencia en el pr\u00f3spero sector automotriz, el cual ha captado un creciente inter\u00e9s por parte del p\u00fablico.<\/span><\/p>\n<p><span style=\"font-weight: 400;\">Este veh\u00edculo de transporte totalmente eco-friendly recibe el nombre de \u00abELF BEV\u00bb, el cual ha sido presentado en Jap\u00f3n como respuesta a las altas emisiones contaminantes que produce el sector log\u00edstico. De acuerdo con el fabricante automotriz, este veh\u00edculo el\u00e9ctrico ser\u00e1 el primero de su tipo en ser producido en masa por la marca nipona. Durante su presentaci\u00f3n, <\/span><b>Isuzu<\/b><span style=\"font-weight: 400;\"> comparti\u00f3 la siguiente informaci\u00f3n t\u00e9cnica:<\/span><\/p>\n<p><span style=\"font-weight: 400;\">\u00abDesarrollamos paquetes de bater\u00edas compactos (20 kWh\/unidad) y adoptamos un sistema de m\u00f3dulos que puede acomodar desde dos paquetes (40 kWh) hasta un m\u00e1ximo de cinco paquetes (100 kWh) de bater\u00edas de alto voltaje seg\u00fan la clase de veh\u00edculo y el uso\u00bb.<\/span><\/p>\n<p>&nbsp;<\/p>\n<h2><b>Isuzu <\/b><b>apuesta a lo grande con el ELF BEV<\/b><\/h2>\n<p><span style=\"font-weight: 400;\">El veh\u00edculo de transporte el\u00e9ctrico \u2018\u2019ELF BEV\u2019\u2019 de <\/span><b>Isuzu<\/b><span style=\"font-weight: 400;\"> no solo dispondr\u00e1 de bater\u00edas con buena capacidad, sino que adem\u00e1s tendr\u00e1 la posibilidad de efectuar una carga normal o r\u00e1pida dependiendo las necesidades de ese momento. Adem\u00e1s, se podr\u00e1 controlar la cantidad de energ\u00eda a utilizar mediante un dispositivo dise\u00f1ado para tal fin, seg\u00fan explicaron sus responsables.<\/span><\/p>\n<p><span style=\"font-weight: 400;\">Por el momento, estos modelos solo ser\u00e1n producidos en Jap\u00f3n, aunque la empresa ha afirmado sus intenciones de llevarlos a otros pa\u00edses en un futuro no muy lejano. <\/span><b>Isuzu<\/b><span style=\"font-weight: 400;\"> ha informado que el ELF BEV basa su dise\u00f1o en la evoluci\u00f3n de seis puntos clave que son: <\/span><i><span style=\"font-weight: 400;\">dise\u00f1o, ergonom\u00eda, econom\u00eda, seguridad, conectividad<\/span><\/i><span style=\"font-weight: 400;\"> y una <\/span><i><span style=\"font-weight: 400;\">gama de producto<\/span><\/i><span style=\"font-weight: 400;\">. El objetivo es lograr una reducci\u00f3n notable de los gases CO2 mediante un revolucionario motor de combusti\u00f3n interna que vendr\u00e1 dotado de otras mejoras que ser\u00e1n dadas a conocer m\u00e1s adelante.<\/span><\/p>\n<p>&nbsp;<\/p>\n<h2><b>Veh\u00edculos el\u00e9ctricos en el sector log\u00edstico<\/b><\/h2>\n<p><span style=\"font-weight: 400;\">Los veh\u00edculos el\u00e9ctricos son el futuro del sector log\u00edstico, porque representan una soluci\u00f3n sostenible y prometedora para transformar el sector log\u00edstico por su eficiencia energ\u00e9tica y menor costo de mantenimiento. Con el desarrollo de una infraestructura de carga adecuada, pueden mejorar la eficiencia de las entregas y reducir los costos operativos.<\/span><\/p>\n<p><span style=\"font-weight: 400;\">En ONUS Insurance, no solo nos mantenemos al tanto de las \u00faltimas novedades de\u00a0 destacados fabricantes como <\/span><b>Isuzu<\/b><span style=\"font-weight: 400;\">, sino que tambi\u00e9n contamos con un equipo de expertos con a\u00f1os de experiencia que se enfocan en seguir de cerca las tendencias m\u00e1s recientes para asegurar procesos log\u00edsticos seguros y de alta calidad para tu empresa.<\/span><\/p>\n<p>&nbsp;<\/p>\n<p><span style=\"font-weight: 400;\">Fuentes:<\/span><\/p>\n<p><a href=\"https:\/\/t21.com.mx\/terrestre\/2023\/03\/08\/isuzu-motors-limited-evoluciona-camion-100-electrico\"><span style=\"font-weight: 400;\">Isuzu Motors Limited EVoluciona con cami\u00f3n 100% el\u00e9ctrico. T21<\/span><\/a><\/p>\n<p><a href=\"https:\/\/isuzu.com.ar\/isuzu-desarrolla-camion-electrico\/\"><span style=\"font-weight: 400;\">ISUZU desarrolla un cami\u00f3n el\u00e9ctrico. Isuzu<\/span><\/a><\/p>\n<p><a href=\"https:\/\/www.elcarrocolombiano.com\/noticias\/isuzu-y-cummins-alistan-la-presentacion-de-su-primer-camion-electrico\/\"><span style=\"font-weight: 400;\">Isuzu y Cummins alistan la presentaci\u00f3n de su primer cami\u00f3n el\u00e9ctrico. El carro colombiano<\/span><\/a><\/p>\n","protected":false},"excerpt":{"rendered":"<p>Isuzu se ha unido a las empresas automotrices que fabrican veh\u00edculos que no utilizan combustibles f\u00f3siles. Recientemente, han lanzado su primer veh\u00edculo completamente el\u00e9ctrico. Esta iniciativa sin duda contribuir\u00e1 de manera positiva al medio ambiente y generar\u00e1 competencia en el pr\u00f3spero sector automotriz, el cual ha captado un creciente inter\u00e9s por parte del p\u00fablico. Este [&hellip;]<\/p>\n","protected":false},"author":1,"featured_media":5515,"comment_status":"closed","ping_status":"closed","sticky":false,"template":"","format":"standard","meta":{"footnotes":""},"categories":[11],"tags":[],"class_list":["post-5517","post","type-post","status-publish","format-standard","has-post-thumbnail","hentry","category-noticias"],"yoast_head":"<!-- This site is optimized with the Yoast SEO Premium plugin v20.7 (Yoast SEO v27.4) - https:\/\/yoast.com\/product\/yoast-seo-premium-wordpress\/ -->\n<title>Isuzu lanza su primer veh\u00edculo el\u00e9ctrico para transporte - Onus Insurance<\/title>\n<meta name=\"description\" content=\"Isuzu ha presentado el ELF BEV, su primer veh\u00edculo de transporte de carga 100% el\u00e9ctrico que viene a sumar calidad a este mercado.\" \/>\n<meta name=\"robots\" content=\"index, follow, max-snippet:-1, max-image-preview:large, max-video-preview:-1\" \/>\n<link rel=\"canonical\" href=\"https:\/\/onusinsurance.com\/es\/isuzu-lanza-su-primer-vehiculo-electrico-para-transporte\/\" \/>\n<meta property=\"og:locale\" content=\"es_ES\" \/>\n<meta property=\"og:type\" content=\"article\" \/>\n<meta property=\"og:title\" content=\"Isuzu lanza su primer veh\u00edculo el\u00e9ctrico para transporte\" \/>\n<meta property=\"og:description\" content=\"Este veh\u00edculo totalmente eco-friendly recibe el nombre de \u2018\u2019ELF BEV\u2019\u2019\" \/>\n<meta property=\"og:url\" content=\"https:\/\/onusinsurance.com\/es\/isuzu-lanza-su-primer-vehiculo-electrico-para-transporte\/\" \/>\n<meta property=\"og:site_name\" content=\"Onus Insurance\" \/>\n<meta property=\"article:published_time\" content=\"2023-07-17T13:00:59+00:00\" \/>\n<meta property=\"og:image\" content=\"https:\/\/onusinsurance.com\/wp-content\/uploads\/2023\/07\/isuzu-lanza-su-primer-vehiculo-electrico-para-transporte.png\" \/>\n\t<meta property=\"og:image:width\" content=\"1200\" \/>\n\t<meta property=\"og:image:height\" content=\"628\" \/>\n\t<meta property=\"og:image:type\" content=\"image\/png\" \/>\n<meta name=\"author\" content=\"admin\" \/>\n<meta name=\"twitter:card\" content=\"summary_large_image\" \/>\n<meta name=\"twitter:label1\" content=\"Escrito por\" \/>\n\t<meta name=\"twitter:data1\" content=\"admin\" \/>\n\t<meta name=\"twitter:label2\" content=\"Tiempo de lectura\" \/>\n\t<meta name=\"twitter:data2\" content=\"2 minutos\" \/>\n<script type=\"application\/ld+json\" class=\"yoast-schema-graph\">{\"@context\":\"https:\\\/\\\/schema.org\",\"@graph\":[{\"@type\":\"Article\",\"@id\":\"https:\\\/\\\/onusinsurance.com\\\/es\\\/isuzu-lanza-su-primer-vehiculo-electrico-para-transporte\\\/#article\",\"isPartOf\":{\"@id\":\"https:\\\/\\\/onusinsurance.com\\\/es\\\/isuzu-lanza-su-primer-vehiculo-electrico-para-transporte\\\/\"},\"author\":{\"name\":\"admin\",\"@id\":\"https:\\\/\\\/onusinsurance.com\\\/es\\\/#\\\/schema\\\/person\\\/a140b1d7186f7fe43341b41f261d461d\"},\"headline\":\"Isuzu lanza su primer veh\u00edculo el\u00e9ctrico para transporte\",\"datePublished\":\"2023-07-17T13:00:59+00:00\",\"mainEntityOfPage\":{\"@id\":\"https:\\\/\\\/onusinsurance.com\\\/es\\\/isuzu-lanza-su-primer-vehiculo-electrico-para-transporte\\\/\"},\"wordCount\":527,\"image\":{\"@id\":\"https:\\\/\\\/onusinsurance.com\\\/es\\\/isuzu-lanza-su-primer-vehiculo-electrico-para-transporte\\\/#primaryimage\"},\"thumbnailUrl\":\"https:\\\/\\\/onusinsurance.com\\\/wp-content\\\/uploads\\\/2023\\\/07\\\/isuzu-lanza-su-primer-vehiculo-electrico-para-transporte.jpg\",\"articleSection\":[\"Noticias\"],\"inLanguage\":\"es\"},{\"@type\":\"WebPage\",\"@id\":\"https:\\\/\\\/onusinsurance.com\\\/es\\\/isuzu-lanza-su-primer-vehiculo-electrico-para-transporte\\\/\",\"url\":\"https:\\\/\\\/onusinsurance.com\\\/es\\\/isuzu-lanza-su-primer-vehiculo-electrico-para-transporte\\\/\",\"name\":\"Isuzu lanza su primer veh\u00edculo el\u00e9ctrico para transporte - Onus Insurance\",\"isPartOf\":{\"@id\":\"https:\\\/\\\/onusinsurance.com\\\/es\\\/#website\"},\"primaryImageOfPage\":{\"@id\":\"https:\\\/\\\/onusinsurance.com\\\/es\\\/isuzu-lanza-su-primer-vehiculo-electrico-para-transporte\\\/#primaryimage\"},\"image\":{\"@id\":\"https:\\\/\\\/onusinsurance.com\\\/es\\\/isuzu-lanza-su-primer-vehiculo-electrico-para-transporte\\\/#primaryimage\"},\"thumbnailUrl\":\"https:\\\/\\\/onusinsurance.com\\\/wp-content\\\/uploads\\\/2023\\\/07\\\/isuzu-lanza-su-primer-vehiculo-electrico-para-transporte.jpg\",\"datePublished\":\"2023-07-17T13:00:59+00:00\",\"author\":{\"@id\":\"https:\\\/\\\/onusinsurance.com\\\/es\\\/#\\\/schema\\\/person\\\/a140b1d7186f7fe43341b41f261d461d\"},\"description\":\"Isuzu ha presentado el ELF BEV, su primer veh\u00edculo de transporte de carga 100% el\u00e9ctrico que viene a sumar calidad a este mercado.\",\"breadcrumb\":{\"@id\":\"https:\\\/\\\/onusinsurance.com\\\/es\\\/isuzu-lanza-su-primer-vehiculo-electrico-para-transporte\\\/#breadcrumb\"},\"inLanguage\":\"es\",\"potentialAction\":[{\"@type\":\"ReadAction\",\"target\":[\"https:\\\/\\\/onusinsurance.com\\\/es\\\/isuzu-lanza-su-primer-vehiculo-electrico-para-transporte\\\/\"]}]},{\"@type\":\"ImageObject\",\"inLanguage\":\"es\",\"@id\":\"https:\\\/\\\/onusinsurance.com\\\/es\\\/isuzu-lanza-su-primer-vehiculo-electrico-para-transporte\\\/#primaryimage\",\"url\":\"https:\\\/\\\/onusinsurance.com\\\/wp-content\\\/uploads\\\/2023\\\/07\\\/isuzu-lanza-su-primer-vehiculo-electrico-para-transporte.jpg\",\"contentUrl\":\"https:\\\/\\\/onusinsurance.com\\\/wp-content\\\/uploads\\\/2023\\\/07\\\/isuzu-lanza-su-primer-vehiculo-electrico-para-transporte.jpg\",\"width\":1200,\"height\":628,\"caption\":\"isuzu-lanza-su-primer-vehiculo-electrico-para-transporte\"},{\"@type\":\"BreadcrumbList\",\"@id\":\"https:\\\/\\\/onusinsurance.com\\\/es\\\/isuzu-lanza-su-primer-vehiculo-electrico-para-transporte\\\/#breadcrumb\",\"itemListElement\":[{\"@type\":\"ListItem\",\"position\":1,\"name\":\"Home\",\"item\":\"https:\\\/\\\/onusinsurance.com\\\/es\\\/\"},{\"@type\":\"ListItem\",\"position\":2,\"name\":\"Isuzu lanza su primer veh\u00edculo el\u00e9ctrico para transporte\"}]},{\"@type\":\"WebSite\",\"@id\":\"https:\\\/\\\/onusinsurance.com\\\/es\\\/#website\",\"url\":\"https:\\\/\\\/onusinsurance.com\\\/es\\\/\",\"name\":\"Onus Insurance\",\"description\":\"Leave Your Worries On Us\",\"potentialAction\":[{\"@type\":\"SearchAction\",\"target\":{\"@type\":\"EntryPoint\",\"urlTemplate\":\"https:\\\/\\\/onusinsurance.com\\\/es\\\/?s={search_term_string}\"},\"query-input\":{\"@type\":\"PropertyValueSpecification\",\"valueRequired\":true,\"valueName\":\"search_term_string\"}}],\"inLanguage\":\"es\"},{\"@type\":\"Person\",\"@id\":\"https:\\\/\\\/onusinsurance.com\\\/es\\\/#\\\/schema\\\/person\\\/a140b1d7186f7fe43341b41f261d461d\",\"name\":\"admin\",\"image\":{\"@type\":\"ImageObject\",\"inLanguage\":\"es\",\"@id\":\"https:\\\/\\\/secure.gravatar.com\\\/avatar\\\/c94fd1952454991abbdac457f2e3badb6c8c54c9c55759e9d6e1de576a8a1b46?s=96&d=mm&r=g\",\"url\":\"https:\\\/\\\/secure.gravatar.com\\\/avatar\\\/c94fd1952454991abbdac457f2e3badb6c8c54c9c55759e9d6e1de576a8a1b46?s=96&d=mm&r=g\",\"contentUrl\":\"https:\\\/\\\/secure.gravatar.com\\\/avatar\\\/c94fd1952454991abbdac457f2e3badb6c8c54c9c55759e9d6e1de576a8a1b46?s=96&d=mm&r=g\",\"caption\":\"admin\"},\"sameAs\":[\"https:\\\/\\\/onusinsurance.com\"],\"url\":\"https:\\\/\\\/onusinsurance.com\\\/es\\\/author\\\/admin\\\/\"}]}<\/script>\n<!-- \/ Yoast SEO Premium plugin. -->","yoast_head_json":{"title":"Isuzu lanza su primer veh\u00edculo el\u00e9ctrico para transporte - Onus Insurance","description":"Isuzu ha presentado el ELF BEV, su primer veh\u00edculo de transporte de carga 100% el\u00e9ctrico que viene a sumar calidad a este mercado.","robots":{"index":"index","follow":"follow","max-snippet":"max-snippet:-1","max-image-preview":"max-image-preview:large","max-video-preview":"max-video-preview:-1"},"canonical":"https:\/\/onusinsurance.com\/es\/isuzu-lanza-su-primer-vehiculo-electrico-para-transporte\/","og_locale":"es_ES","og_type":"article","og_title":"Isuzu lanza su primer veh\u00edculo el\u00e9ctrico para transporte","og_description":"Este veh\u00edculo totalmente eco-friendly recibe el nombre de \u2018\u2019ELF BEV\u2019\u2019","og_url":"https:\/\/onusinsurance.com\/es\/isuzu-lanza-su-primer-vehiculo-electrico-para-transporte\/","og_site_name":"Onus Insurance","article_published_time":"2023-07-17T13:00:59+00:00","og_image":[{"width":1200,"height":628,"url":"https:\/\/onusinsurance.com\/wp-content\/uploads\/2023\/07\/isuzu-lanza-su-primer-vehiculo-electrico-para-transporte.png","type":"image\/png"}],"author":"admin","twitter_card":"summary_large_image","twitter_misc":{"Escrito por":"admin","Tiempo de lectura":"2 minutos"},"schema":{"@context":"https:\/\/schema.org","@graph":[{"@type":"Article","@id":"https:\/\/onusinsurance.com\/es\/isuzu-lanza-su-primer-vehiculo-electrico-para-transporte\/#article","isPartOf":{"@id":"https:\/\/onusinsurance.com\/es\/isuzu-lanza-su-primer-vehiculo-electrico-para-transporte\/"},"author":{"name":"admin","@id":"https:\/\/onusinsurance.com\/es\/#\/schema\/person\/a140b1d7186f7fe43341b41f261d461d"},"headline":"Isuzu lanza su primer veh\u00edculo el\u00e9ctrico para transporte","datePublished":"2023-07-17T13:00:59+00:00","mainEntityOfPage":{"@id":"https:\/\/onusinsurance.com\/es\/isuzu-lanza-su-primer-vehiculo-electrico-para-transporte\/"},"wordCount":527,"image":{"@id":"https:\/\/onusinsurance.com\/es\/isuzu-lanza-su-primer-vehiculo-electrico-para-transporte\/#primaryimage"},"thumbnailUrl":"https:\/\/onusinsurance.com\/wp-content\/uploads\/2023\/07\/isuzu-lanza-su-primer-vehiculo-electrico-para-transporte.jpg","articleSection":["Noticias"],"inLanguage":"es"},{"@type":"WebPage","@id":"https:\/\/onusinsurance.com\/es\/isuzu-lanza-su-primer-vehiculo-electrico-para-transporte\/","url":"https:\/\/onusinsurance.com\/es\/isuzu-lanza-su-primer-vehiculo-electrico-para-transporte\/","name":"Isuzu lanza su primer veh\u00edculo el\u00e9ctrico para transporte - Onus Insurance","isPartOf":{"@id":"https:\/\/onusinsurance.com\/es\/#website"},"primaryImageOfPage":{"@id":"https:\/\/onusinsurance.com\/es\/isuzu-lanza-su-primer-vehiculo-electrico-para-transporte\/#primaryimage"},"image":{"@id":"https:\/\/onusinsurance.com\/es\/isuzu-lanza-su-primer-vehiculo-electrico-para-transporte\/#primaryimage"},"thumbnailUrl":"https:\/\/onusinsurance.com\/wp-content\/uploads\/2023\/07\/isuzu-lanza-su-primer-vehiculo-electrico-para-transporte.jpg","datePublished":"2023-07-17T13:00:59+00:00","author":{"@id":"https:\/\/onusinsurance.com\/es\/#\/schema\/person\/a140b1d7186f7fe43341b41f261d461d"},"description":"Isuzu ha presentado el ELF BEV, su primer veh\u00edculo de transporte de carga 100% el\u00e9ctrico que viene a sumar calidad a este mercado.","breadcrumb":{"@id":"https:\/\/onusinsurance.com\/es\/isuzu-lanza-su-primer-vehiculo-electrico-para-transporte\/#breadcrumb"},"inLanguage":"es","potentialAction":[{"@type":"ReadAction","target":["https:\/\/onusinsurance.com\/es\/isuzu-lanza-su-primer-vehiculo-electrico-para-transporte\/"]}]},{"@type":"ImageObject","inLanguage":"es","@id":"https:\/\/onusinsurance.com\/es\/isuzu-lanza-su-primer-vehiculo-electrico-para-transporte\/#primaryimage","url":"https:\/\/onusinsurance.com\/wp-content\/uploads\/2023\/07\/isuzu-lanza-su-primer-vehiculo-electrico-para-transporte.jpg","contentUrl":"https:\/\/onusinsurance.com\/wp-content\/uploads\/2023\/07\/isuzu-lanza-su-primer-vehiculo-electrico-para-transporte.jpg","width":1200,"height":628,"caption":"isuzu-lanza-su-primer-vehiculo-electrico-para-transporte"},{"@type":"BreadcrumbList","@id":"https:\/\/onusinsurance.com\/es\/isuzu-lanza-su-primer-vehiculo-electrico-para-transporte\/#breadcrumb","itemListElement":[{"@type":"ListItem","position":1,"name":"Home","item":"https:\/\/onusinsurance.com\/es\/"},{"@type":"ListItem","position":2,"name":"Isuzu lanza su primer veh\u00edculo el\u00e9ctrico para transporte"}]},{"@type":"WebSite","@id":"https:\/\/onusinsurance.com\/es\/#website","url":"https:\/\/onusinsurance.com\/es\/","name":"Onus Insurance","description":"Leave Your Worries On Us","potentialAction":[{"@type":"SearchAction","target":{"@type":"EntryPoint","urlTemplate":"https:\/\/onusinsurance.com\/es\/?s={search_term_string}"},"query-input":{"@type":"PropertyValueSpecification","valueRequired":true,"valueName":"search_term_string"}}],"inLanguage":"es"},{"@type":"Person","@id":"https:\/\/onusinsurance.com\/es\/#\/schema\/person\/a140b1d7186f7fe43341b41f261d461d","name":"admin","image":{"@type":"ImageObject","inLanguage":"es","@id":"https:\/\/secure.gravatar.com\/avatar\/c94fd1952454991abbdac457f2e3badb6c8c54c9c55759e9d6e1de576a8a1b46?s=96&d=mm&r=g","url":"https:\/\/secure.gravatar.com\/avatar\/c94fd1952454991abbdac457f2e3badb6c8c54c9c55759e9d6e1de576a8a1b46?s=96&d=mm&r=g","contentUrl":"https:\/\/secure.gravatar.com\/avatar\/c94fd1952454991abbdac457f2e3badb6c8c54c9c55759e9d6e1de576a8a1b46?s=96&d=mm&r=g","caption":"admin"},"sameAs":["https:\/\/onusinsurance.com"],"url":"https:\/\/onusinsurance.com\/es\/author\/admin\/"}]}},"_links":{"self":[{"href":"https:\/\/onusinsurance.com\/es\/wp-json\/wp\/v2\/posts\/5517","targetHints":{"allow":["GET"]}}],"collection":[{"href":"https:\/\/onusinsurance.com\/es\/wp-json\/wp\/v2\/posts"}],"about":[{"href":"https:\/\/onusinsurance.com\/es\/wp-json\/wp\/v2\/types\/post"}],"author":[{"embeddable":true,"href":"https:\/\/onusinsurance.com\/es\/wp-json\/wp\/v2\/users\/1"}],"replies":[{"embeddable":true,"href":"https:\/\/onusinsurance.com\/es\/wp-json\/wp\/v2\/comments?post=5517"}],"version-history":[{"count":2,"href":"https:\/\/onusinsurance.com\/es\/wp-json\/wp\/v2\/posts\/5517\/revisions"}],"predecessor-version":[{"id":5519,"href":"https:\/\/onusinsurance.com\/es\/wp-json\/wp\/v2\/posts\/5517\/revisions\/5519"}],"wp:featuredmedia":[{"embeddable":true,"href":"https:\/\/onusinsurance.com\/es\/wp-json\/wp\/v2\/media\/5515"}],"wp:attachment":[{"href":"https:\/\/onusinsurance.com\/es\/wp-json\/wp\/v2\/media?parent=5517"}],"wp:term":[{"taxonomy":"category","embeddable":true,"href":"https:\/\/onusinsurance.com\/es\/wp-json\/wp\/v2\/categories?post=5517"},{"taxonomy":"post_tag","embeddable":true,"href":"https:\/\/onusinsurance.com\/es\/wp-json\/wp\/v2\/tags?post=5517"}],"curies":[{"name":"wp","href":"https:\/\/api.w.org\/{rel}","templated":true}]}}