{"id":7471,"date":"2025-03-24T05:56:35","date_gmt":"2025-03-24T05:56:35","guid":{"rendered":"https:\/\/onusinsurance.com\/historic-arrival-of-the-korean-ship-glovis-at-mexicos-interoceanic-corridor\/"},"modified":"2025-04-10T06:10:40","modified_gmt":"2025-04-10T06:10:40","slug":"historico-arribo-del-buque-coreano-glovis-al-corredor-interoceanico","status":"publish","type":"post","link":"https:\/\/onusinsurance.com\/es\/historico-arribo-del-buque-coreano-glovis-al-corredor-interoceanico\/","title":{"rendered":"Hist\u00f3rico arribo del buque coreano \u00abGlovis\u00bb al Corredor Interoce\u00e1nico"},"content":{"rendered":"<p><span style=\"font-weight: 400;\">El <\/span><b>Corredor Interoce\u00e1nico<\/b> <span style=\"font-weight: 400;\">del Istmo de Tehuantepec ha dado un paso hist\u00f3rico con la llegada del buque carguero \u00abGlovis\u00bb al puerto de Salina Cruz, Oaxaca. Procedente de Corea del Sur, esta embarcaci\u00f3n marca el inicio de una nueva era para la regi\u00f3n sureste de M\u00e9xico, posicion\u00e1ndose como un eje clave del comercio exterior.<\/span><\/p>\n<h2><b>Un avance en la infraestructura portuaria<\/b><\/h2>\n<p><span style=\"font-weight: 400;\">Seg\u00fan Jos\u00e9 Antonio Estefan Garfias, director del <\/span><b>Corredor Interoce\u00e1nico<\/b> <span style=\"font-weight: 400;\">del Istmo de Tehuantepec, el carguero transport\u00f3 600 unidades automotrices Hyundai con destino a la costa este de Estados Unidos. Este suceso resalta la importancia del Muelle de Usos M\u00faltiples de la Administraci\u00f3n del Sistema Portuario Nacional (Asipona) de Salina Cruz, siendo la primera embarcaci\u00f3n de su tipo en aprovechar esta infraestructura estrat\u00e9gica.<\/span><\/p>\n<h2><b>Transporte multimodal hacia Estados Unidos<\/b><\/h2>\n<p><span style=\"font-weight: 400;\">Los veh\u00edculos descargados ser\u00e1n trasladados en el tren de carga Birmax a trav\u00e9s de la l\u00ednea ferroviaria \u00abZ\u00bb hacia el puerto de Coatzacoalcos, Veracruz, para continuar su ruta a Estados Unidos. Las maniobras de descarga, que toman tres d\u00edas, reflejan la eficiencia y capacidad del puerto de Salina Cruz dentro del corredor.<\/span><\/p>\n<h2><b>M\u00e9xico impulsa el <\/b><b>Corredor Interoce\u00e1nico<\/b><b> como alternativa al Canal de Panam\u00e1<\/b><\/h2>\n<p><span style=\"font-weight: 400;\">La presidenta Claudia Sheinbaum destac\u00f3 los avances de este megaproyecto, que busca posicionarse como una alternativa estrat\u00e9gica al Canal de Panam\u00e1. Con conexiones clave entre Salina Cruz, Coatzacoalcos, Palenque y la frontera con Guatemala, el <\/span><b>Corredor Interoce\u00e1nico<\/b><span style=\"font-weight: 400;\"> del Istmo de Tehuantepec promete transformar la regi\u00f3n en un hub log\u00edstico de clase mundial.<\/span><\/p>\n<p><span style=\"font-weight: 400;\">Las mejoras en infraestructura portuaria, como la instalaci\u00f3n de gr\u00faas de \u00faltima generaci\u00f3n y la construcci\u00f3n de almacenes para granos, han sido posibles gracias a inversiones p\u00fablicas y privadas. Este proyecto no solo fomenta el comercio internacional, sino que tambi\u00e9n genera empleos y desarrollo para las comunidades locales dentro del <\/span><b>Corredor Interoce\u00e1nico<\/b><span style=\"font-weight: 400;\">.<\/span><\/p>\n<p><b>Referencias<\/b><\/p>\n<p><span style=\"font-weight: 400;\">Redacci\u00f3n T21. (2025, Marzo 31).<\/span><i><span style=\"font-weight: 400;\"> Autom\u00f3viles Hyundai toman la v\u00eda del Ferrocarril del Istmo de Tehuantepec; realizan primer cruce interoce\u00e1nico<\/span><\/i><span style=\"font-weight: 400;\">. T21. <\/span><a href=\"https:\/\/t21.com.mx\/automoviles-hyundai-toman-la-via-del-ferrocarril-del-istmo-de-tehuantepec-realizan-primer-cruce-interoceanico\/\"><span style=\"font-weight: 400;\">https:\/\/t21.com.mx\/automoviles-hyundai-toman-la-via-del-ferrocarril-del-istmo-de-tehuantepec-realizan-primer-cruce-interoceanico\/<\/span><\/a><\/p>\n<p><span style=\"font-weight: 400;\">Manzo, D. (2025, Marzo 29).<\/span><i><span style=\"font-weight: 400;\"> Inicia el primer traslado interoce\u00e1nico al Istmo de Tehuantepec ; llegaron m\u00e1s de 600 autom\u00f3viles de Asia<\/span><\/i><span style=\"font-weight: 400;\">. P\u00e1gina 3. <\/span><a href=\"https:\/\/pagina3.mx\/2025\/03\/inicia-el-primer-traslado-interoceanico-al-istmo-de-tehuantepec-llegaron-mas-de-600-automoviles-de-asia\/\"><span style=\"font-weight: 400;\">https:\/\/pagina3.mx\/2025\/03\/inicia-el-primer-traslado-interoceanico-al-istmo-de-tehuantepec-llegaron-mas-de-600-automoviles-de-asia\/<\/span><\/a><\/p>\n","protected":false},"excerpt":{"rendered":"<p>El Corredor Interoce\u00e1nico del Istmo de Tehuantepec ha dado un paso hist\u00f3rico con la llegada del buque carguero \u00abGlovis\u00bb al puerto de Salina Cruz, Oaxaca. Procedente de Corea del Sur, esta embarcaci\u00f3n marca el inicio de una nueva era para la regi\u00f3n sureste de M\u00e9xico, posicion\u00e1ndose como un eje clave del comercio exterior. Un avance [&hellip;]<\/p>\n","protected":false},"author":1,"featured_media":7469,"comment_status":"closed","ping_status":"closed","sticky":false,"template":"","format":"standard","meta":{"footnotes":""},"categories":[11],"tags":[],"class_list":["post-7471","post","type-post","status-publish","format-standard","has-post-thumbnail","hentry","category-noticias"],"yoast_head":"<!-- This site is optimized with the Yoast SEO Premium plugin v20.7 (Yoast SEO v27.4) - https:\/\/yoast.com\/product\/yoast-seo-premium-wordpress\/ -->\n<title>Hist\u00f3rico arribo del buque coreano &quot;Glovis&quot; al Corredor Interoce\u00e1nico<\/title>\n<meta name=\"description\" content=\"El buque coreano &quot;Glovis&quot; marca un hito en el Corredor Interoce\u00e1nico del Istmo de Tehuantepec, fortaleciendo la log\u00edstica comercial de M\u00e9xico\" \/>\n<meta name=\"robots\" content=\"index, follow, max-snippet:-1, max-image-preview:large, max-video-preview:-1\" \/>\n<link rel=\"canonical\" href=\"https:\/\/onusinsurance.com\/es\/historico-arribo-del-buque-coreano-glovis-al-corredor-interoceanico\/\" \/>\n<meta property=\"og:locale\" content=\"es_ES\" \/>\n<meta property=\"og:type\" content=\"article\" \/>\n<meta property=\"og:title\" content=\"Hist\u00f3rico arribo del buque coreano &quot;Glovis&quot; al Corredor Interoce\u00e1nico\" \/>\n<meta property=\"og:description\" content=\"La llegada del buque coreano consolida al corredor como un nuevo eje log\u00edstico global. Ent\u00e9rate aqu\u00ed.\" \/>\n<meta property=\"og:url\" content=\"https:\/\/onusinsurance.com\/es\/historico-arribo-del-buque-coreano-glovis-al-corredor-interoceanico\/\" \/>\n<meta property=\"og:site_name\" content=\"Onus Insurance\" \/>\n<meta property=\"article:published_time\" content=\"2025-03-24T05:56:35+00:00\" \/>\n<meta property=\"article:modified_time\" content=\"2025-04-10T06:10:40+00:00\" \/>\n<meta property=\"og:image\" content=\"https:\/\/onusinsurance.com\/wp-content\/uploads\/2025\/04\/historico-arribo-del-buque-coreano-glovis-al-corredor-interoceanico.png\" \/>\n\t<meta property=\"og:image:width\" content=\"1200\" \/>\n\t<meta property=\"og:image:height\" content=\"628\" \/>\n\t<meta property=\"og:image:type\" content=\"image\/png\" \/>\n<meta name=\"author\" content=\"admin\" \/>\n<meta name=\"twitter:card\" content=\"summary_large_image\" \/>\n<meta name=\"twitter:label1\" content=\"Escrito por\" \/>\n\t<meta name=\"twitter:data1\" content=\"admin\" \/>\n\t<meta name=\"twitter:label2\" content=\"Tiempo de lectura\" \/>\n\t<meta name=\"twitter:data2\" content=\"2 minutos\" \/>\n<script type=\"application\/ld+json\" class=\"yoast-schema-graph\">{\"@context\":\"https:\\\/\\\/schema.org\",\"@graph\":[{\"@type\":\"Article\",\"@id\":\"https:\\\/\\\/onusinsurance.com\\\/es\\\/historico-arribo-del-buque-coreano-glovis-al-corredor-interoceanico\\\/#article\",\"isPartOf\":{\"@id\":\"https:\\\/\\\/onusinsurance.com\\\/es\\\/historico-arribo-del-buque-coreano-glovis-al-corredor-interoceanico\\\/\"},\"author\":{\"name\":\"admin\",\"@id\":\"https:\\\/\\\/onusinsurance.com\\\/es\\\/#\\\/schema\\\/person\\\/a140b1d7186f7fe43341b41f261d461d\"},\"headline\":\"Hist\u00f3rico arribo del buque coreano \u00abGlovis\u00bb al Corredor Interoce\u00e1nico\",\"datePublished\":\"2025-03-24T05:56:35+00:00\",\"dateModified\":\"2025-04-10T06:10:40+00:00\",\"mainEntityOfPage\":{\"@id\":\"https:\\\/\\\/onusinsurance.com\\\/es\\\/historico-arribo-del-buque-coreano-glovis-al-corredor-interoceanico\\\/\"},\"wordCount\":390,\"image\":{\"@id\":\"https:\\\/\\\/onusinsurance.com\\\/es\\\/historico-arribo-del-buque-coreano-glovis-al-corredor-interoceanico\\\/#primaryimage\"},\"thumbnailUrl\":\"https:\\\/\\\/onusinsurance.com\\\/wp-content\\\/uploads\\\/2025\\\/04\\\/historico-arribo-del-buque-coreano-glovis-al-corredor-interoceanico.jpg\",\"articleSection\":[\"Noticias\"],\"inLanguage\":\"es\"},{\"@type\":\"WebPage\",\"@id\":\"https:\\\/\\\/onusinsurance.com\\\/es\\\/historico-arribo-del-buque-coreano-glovis-al-corredor-interoceanico\\\/\",\"url\":\"https:\\\/\\\/onusinsurance.com\\\/es\\\/historico-arribo-del-buque-coreano-glovis-al-corredor-interoceanico\\\/\",\"name\":\"Hist\u00f3rico arribo del buque coreano \\\"Glovis\\\" al Corredor Interoce\u00e1nico\",\"isPartOf\":{\"@id\":\"https:\\\/\\\/onusinsurance.com\\\/es\\\/#website\"},\"primaryImageOfPage\":{\"@id\":\"https:\\\/\\\/onusinsurance.com\\\/es\\\/historico-arribo-del-buque-coreano-glovis-al-corredor-interoceanico\\\/#primaryimage\"},\"image\":{\"@id\":\"https:\\\/\\\/onusinsurance.com\\\/es\\\/historico-arribo-del-buque-coreano-glovis-al-corredor-interoceanico\\\/#primaryimage\"},\"thumbnailUrl\":\"https:\\\/\\\/onusinsurance.com\\\/wp-content\\\/uploads\\\/2025\\\/04\\\/historico-arribo-del-buque-coreano-glovis-al-corredor-interoceanico.jpg\",\"datePublished\":\"2025-03-24T05:56:35+00:00\",\"dateModified\":\"2025-04-10T06:10:40+00:00\",\"author\":{\"@id\":\"https:\\\/\\\/onusinsurance.com\\\/es\\\/#\\\/schema\\\/person\\\/a140b1d7186f7fe43341b41f261d461d\"},\"description\":\"El buque coreano \\\"Glovis\\\" marca un hito en el Corredor Interoce\u00e1nico del Istmo de Tehuantepec, fortaleciendo la log\u00edstica comercial de M\u00e9xico\",\"breadcrumb\":{\"@id\":\"https:\\\/\\\/onusinsurance.com\\\/es\\\/historico-arribo-del-buque-coreano-glovis-al-corredor-interoceanico\\\/#breadcrumb\"},\"inLanguage\":\"es\",\"potentialAction\":[{\"@type\":\"ReadAction\",\"target\":[\"https:\\\/\\\/onusinsurance.com\\\/es\\\/historico-arribo-del-buque-coreano-glovis-al-corredor-interoceanico\\\/\"]}]},{\"@type\":\"ImageObject\",\"inLanguage\":\"es\",\"@id\":\"https:\\\/\\\/onusinsurance.com\\\/es\\\/historico-arribo-del-buque-coreano-glovis-al-corredor-interoceanico\\\/#primaryimage\",\"url\":\"https:\\\/\\\/onusinsurance.com\\\/wp-content\\\/uploads\\\/2025\\\/04\\\/historico-arribo-del-buque-coreano-glovis-al-corredor-interoceanico.jpg\",\"contentUrl\":\"https:\\\/\\\/onusinsurance.com\\\/wp-content\\\/uploads\\\/2025\\\/04\\\/historico-arribo-del-buque-coreano-glovis-al-corredor-interoceanico.jpg\",\"width\":1200,\"height\":628,\"caption\":\"historico-arribo-del-buque-coreano-glovis-al-corredor-interoceanico\"},{\"@type\":\"BreadcrumbList\",\"@id\":\"https:\\\/\\\/onusinsurance.com\\\/es\\\/historico-arribo-del-buque-coreano-glovis-al-corredor-interoceanico\\\/#breadcrumb\",\"itemListElement\":[{\"@type\":\"ListItem\",\"position\":1,\"name\":\"Home\",\"item\":\"https:\\\/\\\/onusinsurance.com\\\/es\\\/\"},{\"@type\":\"ListItem\",\"position\":2,\"name\":\"Hist\u00f3rico arribo del buque coreano \u00abGlovis\u00bb al Corredor Interoce\u00e1nico\"}]},{\"@type\":\"WebSite\",\"@id\":\"https:\\\/\\\/onusinsurance.com\\\/es\\\/#website\",\"url\":\"https:\\\/\\\/onusinsurance.com\\\/es\\\/\",\"name\":\"Onus Insurance\",\"description\":\"Leave Your Worries On Us\",\"potentialAction\":[{\"@type\":\"SearchAction\",\"target\":{\"@type\":\"EntryPoint\",\"urlTemplate\":\"https:\\\/\\\/onusinsurance.com\\\/es\\\/?s={search_term_string}\"},\"query-input\":{\"@type\":\"PropertyValueSpecification\",\"valueRequired\":true,\"valueName\":\"search_term_string\"}}],\"inLanguage\":\"es\"},{\"@type\":\"Person\",\"@id\":\"https:\\\/\\\/onusinsurance.com\\\/es\\\/#\\\/schema\\\/person\\\/a140b1d7186f7fe43341b41f261d461d\",\"name\":\"admin\",\"image\":{\"@type\":\"ImageObject\",\"inLanguage\":\"es\",\"@id\":\"https:\\\/\\\/secure.gravatar.com\\\/avatar\\\/c94fd1952454991abbdac457f2e3badb6c8c54c9c55759e9d6e1de576a8a1b46?s=96&d=mm&r=g\",\"url\":\"https:\\\/\\\/secure.gravatar.com\\\/avatar\\\/c94fd1952454991abbdac457f2e3badb6c8c54c9c55759e9d6e1de576a8a1b46?s=96&d=mm&r=g\",\"contentUrl\":\"https:\\\/\\\/secure.gravatar.com\\\/avatar\\\/c94fd1952454991abbdac457f2e3badb6c8c54c9c55759e9d6e1de576a8a1b46?s=96&d=mm&r=g\",\"caption\":\"admin\"},\"sameAs\":[\"https:\\\/\\\/onusinsurance.com\"],\"url\":\"https:\\\/\\\/onusinsurance.com\\\/es\\\/author\\\/admin\\\/\"}]}<\/script>\n<!-- \/ Yoast SEO Premium plugin. -->","yoast_head_json":{"title":"Hist\u00f3rico arribo del buque coreano \"Glovis\" al Corredor Interoce\u00e1nico","description":"El buque coreano \"Glovis\" marca un hito en el Corredor Interoce\u00e1nico del Istmo de Tehuantepec, fortaleciendo la log\u00edstica comercial de M\u00e9xico","robots":{"index":"index","follow":"follow","max-snippet":"max-snippet:-1","max-image-preview":"max-image-preview:large","max-video-preview":"max-video-preview:-1"},"canonical":"https:\/\/onusinsurance.com\/es\/historico-arribo-del-buque-coreano-glovis-al-corredor-interoceanico\/","og_locale":"es_ES","og_type":"article","og_title":"Hist\u00f3rico arribo del buque coreano \"Glovis\" al Corredor Interoce\u00e1nico","og_description":"La llegada del buque coreano consolida al corredor como un nuevo eje log\u00edstico global. Ent\u00e9rate aqu\u00ed.","og_url":"https:\/\/onusinsurance.com\/es\/historico-arribo-del-buque-coreano-glovis-al-corredor-interoceanico\/","og_site_name":"Onus Insurance","article_published_time":"2025-03-24T05:56:35+00:00","article_modified_time":"2025-04-10T06:10:40+00:00","og_image":[{"width":1200,"height":628,"url":"https:\/\/onusinsurance.com\/wp-content\/uploads\/2025\/04\/historico-arribo-del-buque-coreano-glovis-al-corredor-interoceanico.png","type":"image\/png"}],"author":"admin","twitter_card":"summary_large_image","twitter_misc":{"Escrito por":"admin","Tiempo de lectura":"2 minutos"},"schema":{"@context":"https:\/\/schema.org","@graph":[{"@type":"Article","@id":"https:\/\/onusinsurance.com\/es\/historico-arribo-del-buque-coreano-glovis-al-corredor-interoceanico\/#article","isPartOf":{"@id":"https:\/\/onusinsurance.com\/es\/historico-arribo-del-buque-coreano-glovis-al-corredor-interoceanico\/"},"author":{"name":"admin","@id":"https:\/\/onusinsurance.com\/es\/#\/schema\/person\/a140b1d7186f7fe43341b41f261d461d"},"headline":"Hist\u00f3rico arribo del buque coreano \u00abGlovis\u00bb al Corredor Interoce\u00e1nico","datePublished":"2025-03-24T05:56:35+00:00","dateModified":"2025-04-10T06:10:40+00:00","mainEntityOfPage":{"@id":"https:\/\/onusinsurance.com\/es\/historico-arribo-del-buque-coreano-glovis-al-corredor-interoceanico\/"},"wordCount":390,"image":{"@id":"https:\/\/onusinsurance.com\/es\/historico-arribo-del-buque-coreano-glovis-al-corredor-interoceanico\/#primaryimage"},"thumbnailUrl":"https:\/\/onusinsurance.com\/wp-content\/uploads\/2025\/04\/historico-arribo-del-buque-coreano-glovis-al-corredor-interoceanico.jpg","articleSection":["Noticias"],"inLanguage":"es"},{"@type":"WebPage","@id":"https:\/\/onusinsurance.com\/es\/historico-arribo-del-buque-coreano-glovis-al-corredor-interoceanico\/","url":"https:\/\/onusinsurance.com\/es\/historico-arribo-del-buque-coreano-glovis-al-corredor-interoceanico\/","name":"Hist\u00f3rico arribo del buque coreano \"Glovis\" al Corredor Interoce\u00e1nico","isPartOf":{"@id":"https:\/\/onusinsurance.com\/es\/#website"},"primaryImageOfPage":{"@id":"https:\/\/onusinsurance.com\/es\/historico-arribo-del-buque-coreano-glovis-al-corredor-interoceanico\/#primaryimage"},"image":{"@id":"https:\/\/onusinsurance.com\/es\/historico-arribo-del-buque-coreano-glovis-al-corredor-interoceanico\/#primaryimage"},"thumbnailUrl":"https:\/\/onusinsurance.com\/wp-content\/uploads\/2025\/04\/historico-arribo-del-buque-coreano-glovis-al-corredor-interoceanico.jpg","datePublished":"2025-03-24T05:56:35+00:00","dateModified":"2025-04-10T06:10:40+00:00","author":{"@id":"https:\/\/onusinsurance.com\/es\/#\/schema\/person\/a140b1d7186f7fe43341b41f261d461d"},"description":"El buque coreano \"Glovis\" marca un hito en el Corredor Interoce\u00e1nico del Istmo de Tehuantepec, fortaleciendo la log\u00edstica comercial de M\u00e9xico","breadcrumb":{"@id":"https:\/\/onusinsurance.com\/es\/historico-arribo-del-buque-coreano-glovis-al-corredor-interoceanico\/#breadcrumb"},"inLanguage":"es","potentialAction":[{"@type":"ReadAction","target":["https:\/\/onusinsurance.com\/es\/historico-arribo-del-buque-coreano-glovis-al-corredor-interoceanico\/"]}]},{"@type":"ImageObject","inLanguage":"es","@id":"https:\/\/onusinsurance.com\/es\/historico-arribo-del-buque-coreano-glovis-al-corredor-interoceanico\/#primaryimage","url":"https:\/\/onusinsurance.com\/wp-content\/uploads\/2025\/04\/historico-arribo-del-buque-coreano-glovis-al-corredor-interoceanico.jpg","contentUrl":"https:\/\/onusinsurance.com\/wp-content\/uploads\/2025\/04\/historico-arribo-del-buque-coreano-glovis-al-corredor-interoceanico.jpg","width":1200,"height":628,"caption":"historico-arribo-del-buque-coreano-glovis-al-corredor-interoceanico"},{"@type":"BreadcrumbList","@id":"https:\/\/onusinsurance.com\/es\/historico-arribo-del-buque-coreano-glovis-al-corredor-interoceanico\/#breadcrumb","itemListElement":[{"@type":"ListItem","position":1,"name":"Home","item":"https:\/\/onusinsurance.com\/es\/"},{"@type":"ListItem","position":2,"name":"Hist\u00f3rico arribo del buque coreano \u00abGlovis\u00bb al Corredor Interoce\u00e1nico"}]},{"@type":"WebSite","@id":"https:\/\/onusinsurance.com\/es\/#website","url":"https:\/\/onusinsurance.com\/es\/","name":"Onus Insurance","description":"Leave Your Worries On Us","potentialAction":[{"@type":"SearchAction","target":{"@type":"EntryPoint","urlTemplate":"https:\/\/onusinsurance.com\/es\/?s={search_term_string}"},"query-input":{"@type":"PropertyValueSpecification","valueRequired":true,"valueName":"search_term_string"}}],"inLanguage":"es"},{"@type":"Person","@id":"https:\/\/onusinsurance.com\/es\/#\/schema\/person\/a140b1d7186f7fe43341b41f261d461d","name":"admin","image":{"@type":"ImageObject","inLanguage":"es","@id":"https:\/\/secure.gravatar.com\/avatar\/c94fd1952454991abbdac457f2e3badb6c8c54c9c55759e9d6e1de576a8a1b46?s=96&d=mm&r=g","url":"https:\/\/secure.gravatar.com\/avatar\/c94fd1952454991abbdac457f2e3badb6c8c54c9c55759e9d6e1de576a8a1b46?s=96&d=mm&r=g","contentUrl":"https:\/\/secure.gravatar.com\/avatar\/c94fd1952454991abbdac457f2e3badb6c8c54c9c55759e9d6e1de576a8a1b46?s=96&d=mm&r=g","caption":"admin"},"sameAs":["https:\/\/onusinsurance.com"],"url":"https:\/\/onusinsurance.com\/es\/author\/admin\/"}]}},"_links":{"self":[{"href":"https:\/\/onusinsurance.com\/es\/wp-json\/wp\/v2\/posts\/7471","targetHints":{"allow":["GET"]}}],"collection":[{"href":"https:\/\/onusinsurance.com\/es\/wp-json\/wp\/v2\/posts"}],"about":[{"href":"https:\/\/onusinsurance.com\/es\/wp-json\/wp\/v2\/types\/post"}],"author":[{"embeddable":true,"href":"https:\/\/onusinsurance.com\/es\/wp-json\/wp\/v2\/users\/1"}],"replies":[{"embeddable":true,"href":"https:\/\/onusinsurance.com\/es\/wp-json\/wp\/v2\/comments?post=7471"}],"version-history":[{"count":2,"href":"https:\/\/onusinsurance.com\/es\/wp-json\/wp\/v2\/posts\/7471\/revisions"}],"predecessor-version":[{"id":7473,"href":"https:\/\/onusinsurance.com\/es\/wp-json\/wp\/v2\/posts\/7471\/revisions\/7473"}],"wp:featuredmedia":[{"embeddable":true,"href":"https:\/\/onusinsurance.com\/es\/wp-json\/wp\/v2\/media\/7469"}],"wp:attachment":[{"href":"https:\/\/onusinsurance.com\/es\/wp-json\/wp\/v2\/media?parent=7471"}],"wp:term":[{"taxonomy":"category","embeddable":true,"href":"https:\/\/onusinsurance.com\/es\/wp-json\/wp\/v2\/categories?post=7471"},{"taxonomy":"post_tag","embeddable":true,"href":"https:\/\/onusinsurance.com\/es\/wp-json\/wp\/v2\/tags?post=7471"}],"curies":[{"name":"wp","href":"https:\/\/api.w.org\/{rel}","templated":true}]}}